{"id":599,"date":"2020-06-12T09:01:07","date_gmt":"2020-06-12T08:01:07","guid":{"rendered":"https:\/\/www.wiredcpa.com\/?p=599"},"modified":"2020-12-10T14:43:06","modified_gmt":"2020-12-10T13:43:06","slug":"le-centre-national-de-la-musique-dedie-un-fonds-aux-distributeurs","status":"publish","type":"post","link":"https:\/\/www.wiredcpa.com\/fr\/le-centre-national-de-la-musique-dedie-un-fonds-aux-distributeurs\/","title":{"rendered":"Le Centre National de la Musique d\u00e9die un fonds aux Distributeurs"},"content":{"rendered":"<p><strong><a href=\"http:\/\/www.cnv.fr\/du-fonds-de-soutien-au-cnv\" target=\"_blank\" rel=\"noopener\">Fonds Distributeurs<\/a><\/strong><\/p>\n<p><strong>Objet de l\u2019aide<\/strong><\/p>\n<p>Cette aide vise \u00e0 soutenir les distributeurs \u0153uvrant dans le champ de la musique enregistr\u00e9e, en compensation des pertes nettes subies du fait de l\u2019arr\u00eat complet ou partiel de leur activit\u00e9 cons\u00e9cutif aux mesures visant \u00e0 ralentir la progression du Covid-19.<\/p>\n<p><strong>Conditions de recevabilit\u00e9<\/strong><\/p>\n<p>Le demandeur doit \u00eatre une personne morale exer\u00e7ant la majorit\u00e9 de son activit\u00e9 (+ de 50% de CA 2019 sur les ventes physiques) en lien avec la distribution de supports enregistr\u00e9s et r\u00e9pondant aux caract\u00e9ristiques des TPE ( ou \u00ab\u00a0microentreprises\u00a0\u00bb au sens du\u00a0<a href=\"https:\/\/www.legifrance.gouv.fr\/affichTexte.do?cidTexte=JORFTEXT000019961059\">d\u00e9cret n\u00b0 2008-1354 du 18 d\u00e9cembre 2008<\/a>).<\/p>\n<p><strong>Nature de l\u2019aide<\/strong><\/p>\n<p>Chaque demandeur peut b\u00e9n\u00e9ficier d\u2019une aide pouvant s&#8217;\u00e9lever jusqu&#8217;\u00e0 un montant maximum de 35\u00a0000\u20ac.<\/p>\n<p><strong>D\u00e9p\u00f4t de la demande<\/strong><\/p>\n<p>Le formulaire devra \u00eatre envoy\u00e9 complet et accompagn\u00e9 des pi\u00e8ces justificatives\u00a0<strong>uniquement<\/strong>\u00a0\u00e0 l&#8217;adresse\u00a0<a href=\"mailto:fondsdistrib@cnm.fr%20\"><strong>fondsdistrib@cnm.fr<\/strong><\/a>, l\u2019absence d\u2019une de ces pi\u00e8ces rendra irrecevable la demande.<\/p>\n<p>L\u2019examen des dossiers, effectu\u00e9 par les \u00e9quipes du CNM et de ses partenaires le FCM et le CALIF, pourra conduire celles-ci \u00e0 se rapprocher du demandeur pour tout compl\u00e9ment d\u2019information.<\/p>\n<p><strong>Modalit\u00e9s d\u2019attribution<\/strong><\/p>\n<p>Les recommandations des \u00e9quipes du Centre national de la musique, du FCM et du CALIF sont transmises, pour avis, \u00e0 un comit\u00e9 d\u2019experts constitu\u00e9 du directeur g\u00e9n\u00e9ral des m\u00e9dias et des industries culturelles (DGMIC) ou de son repr\u00e9sentant, ainsi que de 3 personnalit\u00e9s qualifi\u00e9es, avant d\u2019\u00eatre soumises au pr\u00e9sident de l\u2019\u00e9tablissement qui d\u00e9cide de l\u2019attribution des aides.<\/p>\n<p>Les dossiers soutenus pourront faire l\u2019objet de demande de factures acquitt\u00e9es.<\/p>\n<p><strong>Versement<\/strong><\/p>\n<p>En cas d\u2019octroi d\u2019une subvention, le versement interviendra une semaine apr\u00e8s la d\u00e9cision.<\/p>\n<p><strong>Calendrier<\/strong><strong>\u00a0\u00a0<\/strong><\/p>\n<p><strong>La date limite de d\u00e9p\u00f4t des demandes est fix\u00e9e au\u00a017 juin 2020, pour une r\u00e9union du comit\u00e9 d\u2019expert fix\u00e9e au\u00a02 juillet\u00a0(date sous r\u00e9serve de modification).<\/strong><\/p>\n<p><strong>En cas d&#8217;octroi de la subvention, le paiement interviendra dans la semaine qui suit la d\u00e9cision.<\/strong><\/p>\n<p>Le d\u00e9tail des conditions de recevabilit\u00e9 et d\u2019attribution de l\u2019aide est pr\u00e9cis\u00e9 dans les annexes du r\u00e8glement int\u00e9rieur de l\u2019\u00e9tablissement et dans l\u2019onglet \u00ab\u00a0Notice\u00a0\u00bb du formulaire de demande \u00e0 t\u00e9l\u00e9charger.<\/p>\n<p><strong>Contact &#8211; renseignements :\u00a0<\/strong><\/p>\n<p><em>(uniquement pour les questions relatives au d\u00e9p\u00f4t d&#8217;une demande d&#8217;aide).<\/em><br \/>\n<strong>E\u00a0:\u00a0<\/strong><a href=\"mailto:fondsdistrib@cnm.fr\"><strong>fondsdistrib@cnm.fr<\/strong><\/a><\/p>\n","protected":false},"excerpt":{"rendered":"<p>Fonds Distributeurs Objet de l\u2019aide Cette aide vise \u00e0 soutenir les distributeurs \u0153uvrant dans le champ de la musique enregistr\u00e9e, en compensation des pertes nettes subies du fait de l\u2019arr\u00eat complet ou partiel de leur activit\u00e9 cons\u00e9cutif aux mesures visant \u00e0 ralentir la progression du Covid-19. Conditions de recevabilit\u00e9 Le demandeur doit \u00eatre une personne morale exer\u00e7ant la majorit\u00e9 de son activit\u00e9 (+ de 50% de CA 2019 sur les ventes physiques) en lien avec la distribution de supports enregistr\u00e9s et r\u00e9pondant aux caract\u00e9ristiques des TPE ( ou \u00ab\u00a0microentreprises\u00a0\u00bb au sens du\u00a0d\u00e9cret n\u00b0 2008-1354 du 18 d\u00e9cembre 2008). Nature de l\u2019aide Chaque demandeur peut b\u00e9n\u00e9ficier d\u2019une aide pouvant s&#8217;\u00e9lever jusqu&#8217;\u00e0 un montant maximum de 35\u00a0000\u20ac. D\u00e9p\u00f4t de la demande Le formulaire devra \u00eatre envoy\u00e9 complet et accompagn\u00e9 des pi\u00e8ces justificatives\u00a0uniquement\u00a0\u00e0 l&#8217;adresse\u00a0fondsdistrib@cnm.fr, l\u2019absence d\u2019une de ces pi\u00e8ces rendra irrecevable la demande. L\u2019examen des dossiers, effectu\u00e9 par les \u00e9quipes du CNM et de ses partenaires le FCM et le CALIF, pourra conduire celles-ci \u00e0 se rapprocher du demandeur pour tout compl\u00e9ment d\u2019information. Modalit\u00e9s d\u2019attribution Les recommandations des \u00e9quipes du Centre national de la musique, du FCM et du CALIF sont transmises, pour avis, \u00e0 un comit\u00e9 d\u2019experts constitu\u00e9 du directeur g\u00e9n\u00e9ral des [&hellip;]<\/p>\n","protected":false},"author":1,"featured_media":0,"comment_status":"open","ping_status":"open","sticky":false,"template":"","format":"standard","meta":[],"categories":[1],"tags":[],"yoast_head":"<!-- This site is optimized with the Yoast SEO plugin v18.4.1 - https:\/\/yoast.com\/wordpress\/plugins\/seo\/ -->\n<title>Le Centre National de la Musique d\u00e9die un fonds aux Distributeurs - Wired<\/title>\n<meta name=\"robots\" content=\"index, follow, max-snippet:-1, max-image-preview:large, max-video-preview:-1\" \/>\n<link rel=\"canonical\" href=\"https:\/\/www.wiredcpa.com\/fr\/le-centre-national-de-la-musique-dedie-un-fonds-aux-distributeurs\/\" \/>\n<meta property=\"og:locale\" content=\"fr_FR\" \/>\n<meta property=\"og:type\" content=\"article\" \/>\n<meta property=\"og:title\" content=\"Le Centre National de la Musique d\u00e9die un fonds aux Distributeurs - Wired\" \/>\n<meta property=\"og:description\" content=\"Fonds Distributeurs Objet de l\u2019aide Cette aide vise \u00e0 soutenir les distributeurs \u0153uvrant dans le champ de la musique enregistr\u00e9e, en compensation des pertes nettes subies du fait de l\u2019arr\u00eat complet ou partiel de leur activit\u00e9 cons\u00e9cutif aux mesures visant \u00e0 ralentir la progression du Covid-19. Conditions de recevabilit\u00e9 Le demandeur doit \u00eatre une personne morale exer\u00e7ant la majorit\u00e9 de son activit\u00e9 (+ de 50% de CA 2019 sur les ventes physiques) en lien avec la distribution de supports enregistr\u00e9s et r\u00e9pondant aux caract\u00e9ristiques des TPE ( ou \u00ab\u00a0microentreprises\u00a0\u00bb au sens du\u00a0d\u00e9cret n\u00b0 2008-1354 du 18 d\u00e9cembre 2008). Nature de l\u2019aide Chaque demandeur peut b\u00e9n\u00e9ficier d\u2019une aide pouvant s&#8217;\u00e9lever jusqu&#8217;\u00e0 un montant maximum de 35\u00a0000\u20ac. D\u00e9p\u00f4t de la demande Le formulaire devra \u00eatre envoy\u00e9 complet et accompagn\u00e9 des pi\u00e8ces justificatives\u00a0uniquement\u00a0\u00e0 l&#8217;adresse\u00a0fondsdistrib@cnm.fr, l\u2019absence d\u2019une de ces pi\u00e8ces rendra irrecevable la demande. L\u2019examen des dossiers, effectu\u00e9 par les \u00e9quipes du CNM et de ses partenaires le FCM et le CALIF, pourra conduire celles-ci \u00e0 se rapprocher du demandeur pour tout compl\u00e9ment d\u2019information. Modalit\u00e9s d\u2019attribution Les recommandations des \u00e9quipes du Centre national de la musique, du FCM et du CALIF sont transmises, pour avis, \u00e0 un comit\u00e9 d\u2019experts constitu\u00e9 du directeur g\u00e9n\u00e9ral des [&hellip;]\" \/>\n<meta property=\"og:url\" content=\"https:\/\/www.wiredcpa.com\/fr\/le-centre-national-de-la-musique-dedie-un-fonds-aux-distributeurs\/\" \/>\n<meta property=\"og:site_name\" content=\"Wired\" \/>\n<meta property=\"article:publisher\" content=\"https:\/\/www.facebook.com\/wiredcpa\/\" \/>\n<meta property=\"article:published_time\" content=\"2020-06-12T08:01:07+00:00\" \/>\n<meta property=\"article:modified_time\" content=\"2020-12-10T13:43:06+00:00\" \/>\n<meta property=\"og:image\" content=\"https:\/\/www.wiredcpa.com\/wp-content\/uploads\/2020\/12\/wired-compta-musique.png\" \/>\n\t<meta property=\"og:image:width\" content=\"2363\" \/>\n\t<meta property=\"og:image:height\" content=\"708\" \/>\n\t<meta property=\"og:image:type\" content=\"image\/png\" \/>\n<meta name=\"twitter:card\" content=\"summary_large_image\" \/>\n<script type=\"application\/ld+json\" class=\"yoast-schema-graph\">{\"@context\":\"https:\/\/schema.org\",\"@graph\":[{\"@type\":\"Organization\",\"@id\":\"https:\/\/www.wiredcpa.com\/fr\/#organization\",\"name\":\"Wired Expertise Comptable - Musique, Label & Artistes\",\"url\":\"https:\/\/www.wiredcpa.com\/fr\/\",\"sameAs\":[\"https:\/\/www.facebook.com\/wiredcpa\/\"],\"logo\":{\"@type\":\"ImageObject\",\"@id\":\"https:\/\/www.wiredcpa.com\/fr\/#logo\",\"inLanguage\":\"fr-FR\",\"url\":\"https:\/\/www.wiredcpa.com\/wp-content\/uploads\/2020\/12\/wired-compta-musique.png\",\"contentUrl\":\"https:\/\/www.wiredcpa.com\/wp-content\/uploads\/2020\/12\/wired-compta-musique.png\",\"width\":2363,\"height\":708,\"caption\":\"Wired Expertise Comptable - Musique, Label & Artistes\"},\"image\":{\"@id\":\"https:\/\/www.wiredcpa.com\/fr\/#logo\"}},{\"@type\":\"WebSite\",\"@id\":\"https:\/\/www.wiredcpa.com\/fr\/#website\",\"url\":\"https:\/\/www.wiredcpa.com\/fr\/\",\"name\":\"Wired\",\"description\":\"Business sounds better with us\",\"publisher\":{\"@id\":\"https:\/\/www.wiredcpa.com\/fr\/#organization\"},\"potentialAction\":[{\"@type\":\"SearchAction\",\"target\":{\"@type\":\"EntryPoint\",\"urlTemplate\":\"https:\/\/www.wiredcpa.com\/fr\/?s={search_term_string}\"},\"query-input\":\"required name=search_term_string\"}],\"inLanguage\":\"fr-FR\"},{\"@type\":\"WebPage\",\"@id\":\"https:\/\/www.wiredcpa.com\/fr\/le-centre-national-de-la-musique-dedie-un-fonds-aux-distributeurs\/#webpage\",\"url\":\"https:\/\/www.wiredcpa.com\/fr\/le-centre-national-de-la-musique-dedie-un-fonds-aux-distributeurs\/\",\"name\":\"Le Centre National de la Musique d\u00e9die un fonds aux Distributeurs - Wired\",\"isPartOf\":{\"@id\":\"https:\/\/www.wiredcpa.com\/fr\/#website\"},\"datePublished\":\"2020-06-12T08:01:07+00:00\",\"dateModified\":\"2020-12-10T13:43:06+00:00\",\"breadcrumb\":{\"@id\":\"https:\/\/www.wiredcpa.com\/fr\/le-centre-national-de-la-musique-dedie-un-fonds-aux-distributeurs\/#breadcrumb\"},\"inLanguage\":\"fr-FR\",\"potentialAction\":[{\"@type\":\"ReadAction\",\"target\":[\"https:\/\/www.wiredcpa.com\/fr\/le-centre-national-de-la-musique-dedie-un-fonds-aux-distributeurs\/\"]}]},{\"@type\":\"BreadcrumbList\",\"@id\":\"https:\/\/www.wiredcpa.com\/fr\/le-centre-national-de-la-musique-dedie-un-fonds-aux-distributeurs\/#breadcrumb\",\"itemListElement\":[{\"@type\":\"ListItem\",\"position\":1,\"name\":\"Accueil\",\"item\":\"https:\/\/www.wiredcpa.com\/fr\/\"},{\"@type\":\"ListItem\",\"position\":2,\"name\":\"Le Centre National de la Musique d\u00e9die un fonds aux Distributeurs\"}]},{\"@type\":\"Article\",\"@id\":\"https:\/\/www.wiredcpa.com\/fr\/le-centre-national-de-la-musique-dedie-un-fonds-aux-distributeurs\/#article\",\"isPartOf\":{\"@id\":\"https:\/\/www.wiredcpa.com\/fr\/le-centre-national-de-la-musique-dedie-un-fonds-aux-distributeurs\/#webpage\"},\"author\":{\"@id\":\"https:\/\/www.wiredcpa.com\/fr\/#\/schema\/person\/79819bc24a42a77be938c794914b1360\"},\"headline\":\"Le Centre National de la Musique d\u00e9die un fonds aux Distributeurs\",\"datePublished\":\"2020-06-12T08:01:07+00:00\",\"dateModified\":\"2020-12-10T13:43:06+00:00\",\"mainEntityOfPage\":{\"@id\":\"https:\/\/www.wiredcpa.com\/fr\/le-centre-national-de-la-musique-dedie-un-fonds-aux-distributeurs\/#webpage\"},\"wordCount\":412,\"commentCount\":0,\"publisher\":{\"@id\":\"https:\/\/www.wiredcpa.com\/fr\/#organization\"},\"articleSection\":[\"Non classifi\u00e9(e)\"],\"inLanguage\":\"fr-FR\",\"potentialAction\":[{\"@type\":\"CommentAction\",\"name\":\"Comment\",\"target\":[\"https:\/\/www.wiredcpa.com\/fr\/le-centre-national-de-la-musique-dedie-un-fonds-aux-distributeurs\/#respond\"]}]},{\"@type\":\"Person\",\"@id\":\"https:\/\/www.wiredcpa.com\/fr\/#\/schema\/person\/79819bc24a42a77be938c794914b1360\",\"name\":\"admin\",\"image\":{\"@type\":\"ImageObject\",\"@id\":\"https:\/\/www.wiredcpa.com\/fr\/#personlogo\",\"inLanguage\":\"fr-FR\",\"url\":\"https:\/\/secure.gravatar.com\/avatar\/2864418bb4d370135dea7c3b68e76446?s=96&d=mm&r=g\",\"contentUrl\":\"https:\/\/secure.gravatar.com\/avatar\/2864418bb4d370135dea7c3b68e76446?s=96&d=mm&r=g\",\"caption\":\"admin\"}}]}<\/script>\n<!-- \/ Yoast SEO plugin. -->","yoast_head_json":{"title":"Le Centre National de la Musique d\u00e9die un fonds aux Distributeurs - Wired","robots":{"index":"index","follow":"follow","max-snippet":"max-snippet:-1","max-image-preview":"max-image-preview:large","max-video-preview":"max-video-preview:-1"},"canonical":"https:\/\/www.wiredcpa.com\/fr\/le-centre-national-de-la-musique-dedie-un-fonds-aux-distributeurs\/","og_locale":"fr_FR","og_type":"article","og_title":"Le Centre National de la Musique d\u00e9die un fonds aux Distributeurs - Wired","og_description":"Fonds Distributeurs Objet de l\u2019aide Cette aide vise \u00e0 soutenir les distributeurs \u0153uvrant dans le champ de la musique enregistr\u00e9e, en compensation des pertes nettes subies du fait de l\u2019arr\u00eat complet ou partiel de leur activit\u00e9 cons\u00e9cutif aux mesures visant \u00e0 ralentir la progression du Covid-19. Conditions de recevabilit\u00e9 Le demandeur doit \u00eatre une personne morale exer\u00e7ant la majorit\u00e9 de son activit\u00e9 (+ de 50% de CA 2019 sur les ventes physiques) en lien avec la distribution de supports enregistr\u00e9s et r\u00e9pondant aux caract\u00e9ristiques des TPE ( ou \u00ab\u00a0microentreprises\u00a0\u00bb au sens du\u00a0d\u00e9cret n\u00b0 2008-1354 du 18 d\u00e9cembre 2008). Nature de l\u2019aide Chaque demandeur peut b\u00e9n\u00e9ficier d\u2019une aide pouvant s&#8217;\u00e9lever jusqu&#8217;\u00e0 un montant maximum de 35\u00a0000\u20ac. D\u00e9p\u00f4t de la demande Le formulaire devra \u00eatre envoy\u00e9 complet et accompagn\u00e9 des pi\u00e8ces justificatives\u00a0uniquement\u00a0\u00e0 l&#8217;adresse\u00a0fondsdistrib@cnm.fr, l\u2019absence d\u2019une de ces pi\u00e8ces rendra irrecevable la demande. L\u2019examen des dossiers, effectu\u00e9 par les \u00e9quipes du CNM et de ses partenaires le FCM et le CALIF, pourra conduire celles-ci \u00e0 se rapprocher du demandeur pour tout compl\u00e9ment d\u2019information. Modalit\u00e9s d\u2019attribution Les recommandations des \u00e9quipes du Centre national de la musique, du FCM et du CALIF sont transmises, pour avis, \u00e0 un comit\u00e9 d\u2019experts constitu\u00e9 du directeur g\u00e9n\u00e9ral des [&hellip;]","og_url":"https:\/\/www.wiredcpa.com\/fr\/le-centre-national-de-la-musique-dedie-un-fonds-aux-distributeurs\/","og_site_name":"Wired","article_publisher":"https:\/\/www.facebook.com\/wiredcpa\/","article_published_time":"2020-06-12T08:01:07+00:00","article_modified_time":"2020-12-10T13:43:06+00:00","og_image":[{"width":2363,"height":708,"url":"https:\/\/www.wiredcpa.com\/wp-content\/uploads\/2020\/12\/wired-compta-musique.png","type":"image\/png"}],"twitter_card":"summary_large_image","schema":{"@context":"https:\/\/schema.org","@graph":[{"@type":"Organization","@id":"https:\/\/www.wiredcpa.com\/fr\/#organization","name":"Wired Expertise Comptable - Musique, Label & Artistes","url":"https:\/\/www.wiredcpa.com\/fr\/","sameAs":["https:\/\/www.facebook.com\/wiredcpa\/"],"logo":{"@type":"ImageObject","@id":"https:\/\/www.wiredcpa.com\/fr\/#logo","inLanguage":"fr-FR","url":"https:\/\/www.wiredcpa.com\/wp-content\/uploads\/2020\/12\/wired-compta-musique.png","contentUrl":"https:\/\/www.wiredcpa.com\/wp-content\/uploads\/2020\/12\/wired-compta-musique.png","width":2363,"height":708,"caption":"Wired Expertise Comptable - Musique, Label & Artistes"},"image":{"@id":"https:\/\/www.wiredcpa.com\/fr\/#logo"}},{"@type":"WebSite","@id":"https:\/\/www.wiredcpa.com\/fr\/#website","url":"https:\/\/www.wiredcpa.com\/fr\/","name":"Wired","description":"Business sounds better with us","publisher":{"@id":"https:\/\/www.wiredcpa.com\/fr\/#organization"},"potentialAction":[{"@type":"SearchAction","target":{"@type":"EntryPoint","urlTemplate":"https:\/\/www.wiredcpa.com\/fr\/?s={search_term_string}"},"query-input":"required name=search_term_string"}],"inLanguage":"fr-FR"},{"@type":"WebPage","@id":"https:\/\/www.wiredcpa.com\/fr\/le-centre-national-de-la-musique-dedie-un-fonds-aux-distributeurs\/#webpage","url":"https:\/\/www.wiredcpa.com\/fr\/le-centre-national-de-la-musique-dedie-un-fonds-aux-distributeurs\/","name":"Le Centre National de la Musique d\u00e9die un fonds aux Distributeurs - Wired","isPartOf":{"@id":"https:\/\/www.wiredcpa.com\/fr\/#website"},"datePublished":"2020-06-12T08:01:07+00:00","dateModified":"2020-12-10T13:43:06+00:00","breadcrumb":{"@id":"https:\/\/www.wiredcpa.com\/fr\/le-centre-national-de-la-musique-dedie-un-fonds-aux-distributeurs\/#breadcrumb"},"inLanguage":"fr-FR","potentialAction":[{"@type":"ReadAction","target":["https:\/\/www.wiredcpa.com\/fr\/le-centre-national-de-la-musique-dedie-un-fonds-aux-distributeurs\/"]}]},{"@type":"BreadcrumbList","@id":"https:\/\/www.wiredcpa.com\/fr\/le-centre-national-de-la-musique-dedie-un-fonds-aux-distributeurs\/#breadcrumb","itemListElement":[{"@type":"ListItem","position":1,"name":"Accueil","item":"https:\/\/www.wiredcpa.com\/fr\/"},{"@type":"ListItem","position":2,"name":"Le Centre National de la Musique d\u00e9die un fonds aux Distributeurs"}]},{"@type":"Article","@id":"https:\/\/www.wiredcpa.com\/fr\/le-centre-national-de-la-musique-dedie-un-fonds-aux-distributeurs\/#article","isPartOf":{"@id":"https:\/\/www.wiredcpa.com\/fr\/le-centre-national-de-la-musique-dedie-un-fonds-aux-distributeurs\/#webpage"},"author":{"@id":"https:\/\/www.wiredcpa.com\/fr\/#\/schema\/person\/79819bc24a42a77be938c794914b1360"},"headline":"Le Centre National de la Musique d\u00e9die un fonds aux Distributeurs","datePublished":"2020-06-12T08:01:07+00:00","dateModified":"2020-12-10T13:43:06+00:00","mainEntityOfPage":{"@id":"https:\/\/www.wiredcpa.com\/fr\/le-centre-national-de-la-musique-dedie-un-fonds-aux-distributeurs\/#webpage"},"wordCount":412,"commentCount":0,"publisher":{"@id":"https:\/\/www.wiredcpa.com\/fr\/#organization"},"articleSection":["Non classifi\u00e9(e)"],"inLanguage":"fr-FR","potentialAction":[{"@type":"CommentAction","name":"Comment","target":["https:\/\/www.wiredcpa.com\/fr\/le-centre-national-de-la-musique-dedie-un-fonds-aux-distributeurs\/#respond"]}]},{"@type":"Person","@id":"https:\/\/www.wiredcpa.com\/fr\/#\/schema\/person\/79819bc24a42a77be938c794914b1360","name":"admin","image":{"@type":"ImageObject","@id":"https:\/\/www.wiredcpa.com\/fr\/#personlogo","inLanguage":"fr-FR","url":"https:\/\/secure.gravatar.com\/avatar\/2864418bb4d370135dea7c3b68e76446?s=96&d=mm&r=g","contentUrl":"https:\/\/secure.gravatar.com\/avatar\/2864418bb4d370135dea7c3b68e76446?s=96&d=mm&r=g","caption":"admin"}}]}},"_links":{"self":[{"href":"https:\/\/www.wiredcpa.com\/fr\/wp-json\/wp\/v2\/posts\/599"}],"collection":[{"href":"https:\/\/www.wiredcpa.com\/fr\/wp-json\/wp\/v2\/posts"}],"about":[{"href":"https:\/\/www.wiredcpa.com\/fr\/wp-json\/wp\/v2\/types\/post"}],"author":[{"embeddable":true,"href":"https:\/\/www.wiredcpa.com\/fr\/wp-json\/wp\/v2\/users\/1"}],"replies":[{"embeddable":true,"href":"https:\/\/www.wiredcpa.com\/fr\/wp-json\/wp\/v2\/comments?post=599"}],"version-history":[{"count":2,"href":"https:\/\/www.wiredcpa.com\/fr\/wp-json\/wp\/v2\/posts\/599\/revisions"}],"predecessor-version":[{"id":694,"href":"https:\/\/www.wiredcpa.com\/fr\/wp-json\/wp\/v2\/posts\/599\/revisions\/694"}],"wp:attachment":[{"href":"https:\/\/www.wiredcpa.com\/fr\/wp-json\/wp\/v2\/media?parent=599"}],"wp:term":[{"taxonomy":"category","embeddable":true,"href":"https:\/\/www.wiredcpa.com\/fr\/wp-json\/wp\/v2\/categories?post=599"},{"taxonomy":"post_tag","embeddable":true,"href":"https:\/\/www.wiredcpa.com\/fr\/wp-json\/wp\/v2\/tags?post=599"}],"curies":[{"name":"wp","href":"https:\/\/api.w.org\/{rel}","templated":true}]}}