{"id":1224,"date":"2025-03-06T09:41:04","date_gmt":"2025-03-06T08:41:04","guid":{"rendered":"https:\/\/www.wiredcpa.com\/?p=1224"},"modified":"2025-03-06T09:41:04","modified_gmt":"2025-03-06T08:41:04","slug":"franchise-de-tva-la-baisse-des-seuils-est-reportee-au-1er-juin","status":"publish","type":"post","link":"https:\/\/www.wiredcpa.com\/fr\/franchise-de-tva-la-baisse-des-seuils-est-reportee-au-1er-juin\/","title":{"rendered":"Franchise de TVA &#8211; La baisse des seuils est report\u00e9e au 1er juin"},"content":{"rendered":"<p>La r\u00e9forme du r\u00e9gime de franchise de TVA, qui introduisait \u00e0 partir du 1er mars 2025 un\u00a0plafond unique de 25.000 \u20ac\u00a0de chiffre d&#8217;affaires quelle que soit l&#8217;activit\u00e9 exerc\u00e9, a suscit\u00e9 de tr\u00e8s vives r\u00e9actions des entrepreneurs concern\u00e9s.<\/p>\n<p>&nbsp;<\/p>\n<p>Une suspension temporaire jusqu\u2019au 1<sup>er<\/sup> juin 2025<\/p>\n<p>Pour tenir compte des diff\u00e9rentes positions, le gouvernement a d\u00e9cid\u00e9 de\u00a0suspendre\u00a0la r\u00e9forme jusqu&#8217;au\u00a01er juin prochain.<\/p>\n<p>&nbsp;<\/p>\n<p>A partir de cette date donc, toutes les entreprises dont le chiffre d&#8217;affaires de 2024 \u00e9tait\u00a0sup\u00e9rieur \u00e0 25.000 \u20ac\u00a0(quelle que soit leur activit\u00e9)\u00a0perdront\u00a0le b\u00e9n\u00e9fice de la franchise en base (sauf nouveau rebondissement d&#8217;ici l\u00e0).<\/p>\n<p>&nbsp;<\/p>\n<p>En revanche, pour celles dont le chiffre d&#8217;affaires de 2024 \u00e9tait\u00a0inf\u00e9rieur \u00e0 25.000 \u20ac\u00a0mais dont celui de 2025 a d\u00e9pass\u00e9\u00a027.500 \u20ac\u00a0depuis le 1er janvier, l\u2019obligation de collecter la TVA et la facult\u00e9 de la d\u00e9duire n&#8217;interviendront que pour les op\u00e9rations effectu\u00e9es \u00e0 compter du\u00a01<sup>er<\/sup>\u00a0juin 2025.<\/p>\n<p>&nbsp;<\/p>\n<p>Cependant, pour les entreprises dont le chiffre d\u2019affaires r\u00e9alis\u00e9 en 2025 exc\u00e8de,\u00a0entre le 1<sup>er<\/sup>\u00a0mars et le 31 mai 2025, l\u2019un des seuils de tol\u00e9rance en vigueur le 28 f\u00e9vrier 2025 (93.500\u00a0\u20ac\u00a0pour les ventes de marchandises,\u00a041.250\u00a0\u20ac\u00a0pour les prestataires de services,\u00a055.000 \u20ac\u00a0pour les avocats et les auteurs), la sortie de la franchise intervient\u00a0d\u00e8s le jour du d\u00e9passement du seuil\u00a0(le cas \u00e9ch\u00e9ant donc, avant le 1er juin dans ce cas pr\u00e9cis).<\/p>\n","protected":false},"excerpt":{"rendered":"<p>La r\u00e9forme du r\u00e9gime de franchise de TVA, qui introduisait \u00e0 partir du 1er mars 2025 un\u00a0plafond unique de 25.000 \u20ac\u00a0de chiffre d&#8217;affaires quelle que soit l&#8217;activit\u00e9 exerc\u00e9, a suscit\u00e9 de tr\u00e8s vives r\u00e9actions des entrepreneurs concern\u00e9s. &nbsp; Une suspension temporaire jusqu\u2019au 1er juin 2025 Pour tenir compte des diff\u00e9rentes positions, le gouvernement a d\u00e9cid\u00e9 de\u00a0suspendre\u00a0la r\u00e9forme jusqu&#8217;au\u00a01er juin prochain. &nbsp; A partir de cette date donc, toutes les entreprises dont le chiffre d&#8217;affaires de 2024 \u00e9tait\u00a0sup\u00e9rieur \u00e0 25.000 \u20ac\u00a0(quelle que soit leur activit\u00e9)\u00a0perdront\u00a0le b\u00e9n\u00e9fice de la franchise en base (sauf nouveau rebondissement d&#8217;ici l\u00e0). &nbsp; En revanche, pour celles dont le chiffre d&#8217;affaires de 2024 \u00e9tait\u00a0inf\u00e9rieur \u00e0 25.000 \u20ac\u00a0mais dont celui de 2025 a d\u00e9pass\u00e9\u00a027.500 \u20ac\u00a0depuis le 1er janvier, l\u2019obligation de collecter la TVA et la facult\u00e9 de la d\u00e9duire n&#8217;interviendront que pour les op\u00e9rations effectu\u00e9es \u00e0 compter du\u00a01er\u00a0juin 2025. &nbsp; Cependant, pour les entreprises dont le chiffre d\u2019affaires r\u00e9alis\u00e9 en 2025 exc\u00e8de,\u00a0entre le 1er\u00a0mars et le 31 mai 2025, l\u2019un des seuils de tol\u00e9rance en vigueur le 28 f\u00e9vrier 2025 (93.500\u00a0\u20ac\u00a0pour les ventes de marchandises,\u00a041.250\u00a0\u20ac\u00a0pour les prestataires de services,\u00a055.000 \u20ac\u00a0pour les avocats et les auteurs), la sortie de la franchise intervient\u00a0d\u00e8s le jour du d\u00e9passement du seuil\u00a0(le cas [&hellip;]<\/p>\n","protected":false},"author":1,"featured_media":0,"comment_status":"closed","ping_status":"closed","sticky":false,"template":"","format":"standard","meta":[],"categories":[1],"tags":[],"yoast_head":"<!-- This site is optimized with the Yoast SEO plugin v18.4.1 - https:\/\/yoast.com\/wordpress\/plugins\/seo\/ -->\n<title>Franchise de TVA - La baisse des seuils est report\u00e9e au 1er juin - Wired<\/title>\n<meta name=\"robots\" content=\"index, follow, max-snippet:-1, max-image-preview:large, max-video-preview:-1\" \/>\n<link rel=\"canonical\" href=\"https:\/\/www.wiredcpa.com\/fr\/franchise-de-tva-la-baisse-des-seuils-est-reportee-au-1er-juin\/\" \/>\n<meta property=\"og:locale\" content=\"fr_FR\" \/>\n<meta property=\"og:type\" content=\"article\" \/>\n<meta property=\"og:title\" content=\"Franchise de TVA - La baisse des seuils est report\u00e9e au 1er juin - Wired\" \/>\n<meta property=\"og:description\" content=\"La r\u00e9forme du r\u00e9gime de franchise de TVA, qui introduisait \u00e0 partir du 1er mars 2025 un\u00a0plafond unique de 25.000 \u20ac\u00a0de chiffre d&#8217;affaires quelle que soit l&#8217;activit\u00e9 exerc\u00e9, a suscit\u00e9 de tr\u00e8s vives r\u00e9actions des entrepreneurs concern\u00e9s. &nbsp; Une suspension temporaire jusqu\u2019au 1er juin 2025 Pour tenir compte des diff\u00e9rentes positions, le gouvernement a d\u00e9cid\u00e9 de\u00a0suspendre\u00a0la r\u00e9forme jusqu&#8217;au\u00a01er juin prochain. &nbsp; A partir de cette date donc, toutes les entreprises dont le chiffre d&#8217;affaires de 2024 \u00e9tait\u00a0sup\u00e9rieur \u00e0 25.000 \u20ac\u00a0(quelle que soit leur activit\u00e9)\u00a0perdront\u00a0le b\u00e9n\u00e9fice de la franchise en base (sauf nouveau rebondissement d&#8217;ici l\u00e0). &nbsp; En revanche, pour celles dont le chiffre d&#8217;affaires de 2024 \u00e9tait\u00a0inf\u00e9rieur \u00e0 25.000 \u20ac\u00a0mais dont celui de 2025 a d\u00e9pass\u00e9\u00a027.500 \u20ac\u00a0depuis le 1er janvier, l\u2019obligation de collecter la TVA et la facult\u00e9 de la d\u00e9duire n&#8217;interviendront que pour les op\u00e9rations effectu\u00e9es \u00e0 compter du\u00a01er\u00a0juin 2025. &nbsp; Cependant, pour les entreprises dont le chiffre d\u2019affaires r\u00e9alis\u00e9 en 2025 exc\u00e8de,\u00a0entre le 1er\u00a0mars et le 31 mai 2025, l\u2019un des seuils de tol\u00e9rance en vigueur le 28 f\u00e9vrier 2025 (93.500\u00a0\u20ac\u00a0pour les ventes de marchandises,\u00a041.250\u00a0\u20ac\u00a0pour les prestataires de services,\u00a055.000 \u20ac\u00a0pour les avocats et les auteurs), la sortie de la franchise intervient\u00a0d\u00e8s le jour du d\u00e9passement du seuil\u00a0(le cas [&hellip;]\" \/>\n<meta property=\"og:url\" content=\"https:\/\/www.wiredcpa.com\/fr\/franchise-de-tva-la-baisse-des-seuils-est-reportee-au-1er-juin\/\" \/>\n<meta property=\"og:site_name\" content=\"Wired\" \/>\n<meta property=\"article:publisher\" content=\"https:\/\/www.facebook.com\/wiredcpa\/\" \/>\n<meta property=\"article:published_time\" content=\"2025-03-06T08:41:04+00:00\" \/>\n<meta property=\"og:image\" content=\"https:\/\/www.wiredcpa.com\/wp-content\/uploads\/2020\/12\/wired-compta-musique.png\" \/>\n\t<meta property=\"og:image:width\" content=\"2363\" \/>\n\t<meta property=\"og:image:height\" content=\"708\" \/>\n\t<meta property=\"og:image:type\" content=\"image\/png\" \/>\n<meta name=\"twitter:card\" content=\"summary_large_image\" \/>\n<script type=\"application\/ld+json\" class=\"yoast-schema-graph\">{\"@context\":\"https:\/\/schema.org\",\"@graph\":[{\"@type\":\"Organization\",\"@id\":\"https:\/\/www.wiredcpa.com\/fr\/#organization\",\"name\":\"Wired Expertise Comptable - Musique, Label & Artistes\",\"url\":\"https:\/\/www.wiredcpa.com\/fr\/\",\"sameAs\":[\"https:\/\/www.facebook.com\/wiredcpa\/\"],\"logo\":{\"@type\":\"ImageObject\",\"@id\":\"https:\/\/www.wiredcpa.com\/fr\/#logo\",\"inLanguage\":\"fr-FR\",\"url\":\"https:\/\/www.wiredcpa.com\/wp-content\/uploads\/2020\/12\/wired-compta-musique.png\",\"contentUrl\":\"https:\/\/www.wiredcpa.com\/wp-content\/uploads\/2020\/12\/wired-compta-musique.png\",\"width\":2363,\"height\":708,\"caption\":\"Wired Expertise Comptable - Musique, Label & Artistes\"},\"image\":{\"@id\":\"https:\/\/www.wiredcpa.com\/fr\/#logo\"}},{\"@type\":\"WebSite\",\"@id\":\"https:\/\/www.wiredcpa.com\/fr\/#website\",\"url\":\"https:\/\/www.wiredcpa.com\/fr\/\",\"name\":\"Wired\",\"description\":\"Business sounds better with us\",\"publisher\":{\"@id\":\"https:\/\/www.wiredcpa.com\/fr\/#organization\"},\"potentialAction\":[{\"@type\":\"SearchAction\",\"target\":{\"@type\":\"EntryPoint\",\"urlTemplate\":\"https:\/\/www.wiredcpa.com\/fr\/?s={search_term_string}\"},\"query-input\":\"required name=search_term_string\"}],\"inLanguage\":\"fr-FR\"},{\"@type\":\"WebPage\",\"@id\":\"https:\/\/www.wiredcpa.com\/fr\/franchise-de-tva-la-baisse-des-seuils-est-reportee-au-1er-juin\/#webpage\",\"url\":\"https:\/\/www.wiredcpa.com\/fr\/franchise-de-tva-la-baisse-des-seuils-est-reportee-au-1er-juin\/\",\"name\":\"Franchise de TVA - La baisse des seuils est report\u00e9e au 1er juin - Wired\",\"isPartOf\":{\"@id\":\"https:\/\/www.wiredcpa.com\/fr\/#website\"},\"datePublished\":\"2025-03-06T08:41:04+00:00\",\"dateModified\":\"2025-03-06T08:41:04+00:00\",\"breadcrumb\":{\"@id\":\"https:\/\/www.wiredcpa.com\/fr\/franchise-de-tva-la-baisse-des-seuils-est-reportee-au-1er-juin\/#breadcrumb\"},\"inLanguage\":\"fr-FR\",\"potentialAction\":[{\"@type\":\"ReadAction\",\"target\":[\"https:\/\/www.wiredcpa.com\/fr\/franchise-de-tva-la-baisse-des-seuils-est-reportee-au-1er-juin\/\"]}]},{\"@type\":\"BreadcrumbList\",\"@id\":\"https:\/\/www.wiredcpa.com\/fr\/franchise-de-tva-la-baisse-des-seuils-est-reportee-au-1er-juin\/#breadcrumb\",\"itemListElement\":[{\"@type\":\"ListItem\",\"position\":1,\"name\":\"Accueil\",\"item\":\"https:\/\/www.wiredcpa.com\/fr\/\"},{\"@type\":\"ListItem\",\"position\":2,\"name\":\"Franchise de TVA &#8211; La baisse des seuils est report\u00e9e au 1er juin\"}]},{\"@type\":\"Article\",\"@id\":\"https:\/\/www.wiredcpa.com\/fr\/franchise-de-tva-la-baisse-des-seuils-est-reportee-au-1er-juin\/#article\",\"isPartOf\":{\"@id\":\"https:\/\/www.wiredcpa.com\/fr\/franchise-de-tva-la-baisse-des-seuils-est-reportee-au-1er-juin\/#webpage\"},\"author\":{\"@id\":\"https:\/\/www.wiredcpa.com\/fr\/#\/schema\/person\/79819bc24a42a77be938c794914b1360\"},\"headline\":\"Franchise de TVA &#8211; La baisse des seuils est report\u00e9e au 1er juin\",\"datePublished\":\"2025-03-06T08:41:04+00:00\",\"dateModified\":\"2025-03-06T08:41:04+00:00\",\"mainEntityOfPage\":{\"@id\":\"https:\/\/www.wiredcpa.com\/fr\/franchise-de-tva-la-baisse-des-seuils-est-reportee-au-1er-juin\/#webpage\"},\"wordCount\":249,\"publisher\":{\"@id\":\"https:\/\/www.wiredcpa.com\/fr\/#organization\"},\"articleSection\":[\"Non classifi\u00e9(e)\"],\"inLanguage\":\"fr-FR\"},{\"@type\":\"Person\",\"@id\":\"https:\/\/www.wiredcpa.com\/fr\/#\/schema\/person\/79819bc24a42a77be938c794914b1360\",\"name\":\"admin\",\"image\":{\"@type\":\"ImageObject\",\"@id\":\"https:\/\/www.wiredcpa.com\/fr\/#personlogo\",\"inLanguage\":\"fr-FR\",\"url\":\"https:\/\/secure.gravatar.com\/avatar\/2864418bb4d370135dea7c3b68e76446?s=96&d=mm&r=g\",\"contentUrl\":\"https:\/\/secure.gravatar.com\/avatar\/2864418bb4d370135dea7c3b68e76446?s=96&d=mm&r=g\",\"caption\":\"admin\"}}]}<\/script>\n<!-- \/ Yoast SEO plugin. -->","yoast_head_json":{"title":"Franchise de TVA - La baisse des seuils est report\u00e9e au 1er juin - Wired","robots":{"index":"index","follow":"follow","max-snippet":"max-snippet:-1","max-image-preview":"max-image-preview:large","max-video-preview":"max-video-preview:-1"},"canonical":"https:\/\/www.wiredcpa.com\/fr\/franchise-de-tva-la-baisse-des-seuils-est-reportee-au-1er-juin\/","og_locale":"fr_FR","og_type":"article","og_title":"Franchise de TVA - La baisse des seuils est report\u00e9e au 1er juin - Wired","og_description":"La r\u00e9forme du r\u00e9gime de franchise de TVA, qui introduisait \u00e0 partir du 1er mars 2025 un\u00a0plafond unique de 25.000 \u20ac\u00a0de chiffre d&#8217;affaires quelle que soit l&#8217;activit\u00e9 exerc\u00e9, a suscit\u00e9 de tr\u00e8s vives r\u00e9actions des entrepreneurs concern\u00e9s. &nbsp; Une suspension temporaire jusqu\u2019au 1er juin 2025 Pour tenir compte des diff\u00e9rentes positions, le gouvernement a d\u00e9cid\u00e9 de\u00a0suspendre\u00a0la r\u00e9forme jusqu&#8217;au\u00a01er juin prochain. &nbsp; A partir de cette date donc, toutes les entreprises dont le chiffre d&#8217;affaires de 2024 \u00e9tait\u00a0sup\u00e9rieur \u00e0 25.000 \u20ac\u00a0(quelle que soit leur activit\u00e9)\u00a0perdront\u00a0le b\u00e9n\u00e9fice de la franchise en base (sauf nouveau rebondissement d&#8217;ici l\u00e0). &nbsp; En revanche, pour celles dont le chiffre d&#8217;affaires de 2024 \u00e9tait\u00a0inf\u00e9rieur \u00e0 25.000 \u20ac\u00a0mais dont celui de 2025 a d\u00e9pass\u00e9\u00a027.500 \u20ac\u00a0depuis le 1er janvier, l\u2019obligation de collecter la TVA et la facult\u00e9 de la d\u00e9duire n&#8217;interviendront que pour les op\u00e9rations effectu\u00e9es \u00e0 compter du\u00a01er\u00a0juin 2025. &nbsp; Cependant, pour les entreprises dont le chiffre d\u2019affaires r\u00e9alis\u00e9 en 2025 exc\u00e8de,\u00a0entre le 1er\u00a0mars et le 31 mai 2025, l\u2019un des seuils de tol\u00e9rance en vigueur le 28 f\u00e9vrier 2025 (93.500\u00a0\u20ac\u00a0pour les ventes de marchandises,\u00a041.250\u00a0\u20ac\u00a0pour les prestataires de services,\u00a055.000 \u20ac\u00a0pour les avocats et les auteurs), la sortie de la franchise intervient\u00a0d\u00e8s le jour du d\u00e9passement du seuil\u00a0(le cas [&hellip;]","og_url":"https:\/\/www.wiredcpa.com\/fr\/franchise-de-tva-la-baisse-des-seuils-est-reportee-au-1er-juin\/","og_site_name":"Wired","article_publisher":"https:\/\/www.facebook.com\/wiredcpa\/","article_published_time":"2025-03-06T08:41:04+00:00","og_image":[{"width":2363,"height":708,"url":"https:\/\/www.wiredcpa.com\/wp-content\/uploads\/2020\/12\/wired-compta-musique.png","type":"image\/png"}],"twitter_card":"summary_large_image","schema":{"@context":"https:\/\/schema.org","@graph":[{"@type":"Organization","@id":"https:\/\/www.wiredcpa.com\/fr\/#organization","name":"Wired Expertise Comptable - Musique, Label & Artistes","url":"https:\/\/www.wiredcpa.com\/fr\/","sameAs":["https:\/\/www.facebook.com\/wiredcpa\/"],"logo":{"@type":"ImageObject","@id":"https:\/\/www.wiredcpa.com\/fr\/#logo","inLanguage":"fr-FR","url":"https:\/\/www.wiredcpa.com\/wp-content\/uploads\/2020\/12\/wired-compta-musique.png","contentUrl":"https:\/\/www.wiredcpa.com\/wp-content\/uploads\/2020\/12\/wired-compta-musique.png","width":2363,"height":708,"caption":"Wired Expertise Comptable - Musique, Label & Artistes"},"image":{"@id":"https:\/\/www.wiredcpa.com\/fr\/#logo"}},{"@type":"WebSite","@id":"https:\/\/www.wiredcpa.com\/fr\/#website","url":"https:\/\/www.wiredcpa.com\/fr\/","name":"Wired","description":"Business sounds better with us","publisher":{"@id":"https:\/\/www.wiredcpa.com\/fr\/#organization"},"potentialAction":[{"@type":"SearchAction","target":{"@type":"EntryPoint","urlTemplate":"https:\/\/www.wiredcpa.com\/fr\/?s={search_term_string}"},"query-input":"required name=search_term_string"}],"inLanguage":"fr-FR"},{"@type":"WebPage","@id":"https:\/\/www.wiredcpa.com\/fr\/franchise-de-tva-la-baisse-des-seuils-est-reportee-au-1er-juin\/#webpage","url":"https:\/\/www.wiredcpa.com\/fr\/franchise-de-tva-la-baisse-des-seuils-est-reportee-au-1er-juin\/","name":"Franchise de TVA - La baisse des seuils est report\u00e9e au 1er juin - Wired","isPartOf":{"@id":"https:\/\/www.wiredcpa.com\/fr\/#website"},"datePublished":"2025-03-06T08:41:04+00:00","dateModified":"2025-03-06T08:41:04+00:00","breadcrumb":{"@id":"https:\/\/www.wiredcpa.com\/fr\/franchise-de-tva-la-baisse-des-seuils-est-reportee-au-1er-juin\/#breadcrumb"},"inLanguage":"fr-FR","potentialAction":[{"@type":"ReadAction","target":["https:\/\/www.wiredcpa.com\/fr\/franchise-de-tva-la-baisse-des-seuils-est-reportee-au-1er-juin\/"]}]},{"@type":"BreadcrumbList","@id":"https:\/\/www.wiredcpa.com\/fr\/franchise-de-tva-la-baisse-des-seuils-est-reportee-au-1er-juin\/#breadcrumb","itemListElement":[{"@type":"ListItem","position":1,"name":"Accueil","item":"https:\/\/www.wiredcpa.com\/fr\/"},{"@type":"ListItem","position":2,"name":"Franchise de TVA &#8211; La baisse des seuils est report\u00e9e au 1er juin"}]},{"@type":"Article","@id":"https:\/\/www.wiredcpa.com\/fr\/franchise-de-tva-la-baisse-des-seuils-est-reportee-au-1er-juin\/#article","isPartOf":{"@id":"https:\/\/www.wiredcpa.com\/fr\/franchise-de-tva-la-baisse-des-seuils-est-reportee-au-1er-juin\/#webpage"},"author":{"@id":"https:\/\/www.wiredcpa.com\/fr\/#\/schema\/person\/79819bc24a42a77be938c794914b1360"},"headline":"Franchise de TVA &#8211; La baisse des seuils est report\u00e9e au 1er juin","datePublished":"2025-03-06T08:41:04+00:00","dateModified":"2025-03-06T08:41:04+00:00","mainEntityOfPage":{"@id":"https:\/\/www.wiredcpa.com\/fr\/franchise-de-tva-la-baisse-des-seuils-est-reportee-au-1er-juin\/#webpage"},"wordCount":249,"publisher":{"@id":"https:\/\/www.wiredcpa.com\/fr\/#organization"},"articleSection":["Non classifi\u00e9(e)"],"inLanguage":"fr-FR"},{"@type":"Person","@id":"https:\/\/www.wiredcpa.com\/fr\/#\/schema\/person\/79819bc24a42a77be938c794914b1360","name":"admin","image":{"@type":"ImageObject","@id":"https:\/\/www.wiredcpa.com\/fr\/#personlogo","inLanguage":"fr-FR","url":"https:\/\/secure.gravatar.com\/avatar\/2864418bb4d370135dea7c3b68e76446?s=96&d=mm&r=g","contentUrl":"https:\/\/secure.gravatar.com\/avatar\/2864418bb4d370135dea7c3b68e76446?s=96&d=mm&r=g","caption":"admin"}}]}},"_links":{"self":[{"href":"https:\/\/www.wiredcpa.com\/fr\/wp-json\/wp\/v2\/posts\/1224"}],"collection":[{"href":"https:\/\/www.wiredcpa.com\/fr\/wp-json\/wp\/v2\/posts"}],"about":[{"href":"https:\/\/www.wiredcpa.com\/fr\/wp-json\/wp\/v2\/types\/post"}],"author":[{"embeddable":true,"href":"https:\/\/www.wiredcpa.com\/fr\/wp-json\/wp\/v2\/users\/1"}],"replies":[{"embeddable":true,"href":"https:\/\/www.wiredcpa.com\/fr\/wp-json\/wp\/v2\/comments?post=1224"}],"version-history":[{"count":1,"href":"https:\/\/www.wiredcpa.com\/fr\/wp-json\/wp\/v2\/posts\/1224\/revisions"}],"predecessor-version":[{"id":1225,"href":"https:\/\/www.wiredcpa.com\/fr\/wp-json\/wp\/v2\/posts\/1224\/revisions\/1225"}],"wp:attachment":[{"href":"https:\/\/www.wiredcpa.com\/fr\/wp-json\/wp\/v2\/media?parent=1224"}],"wp:term":[{"taxonomy":"category","embeddable":true,"href":"https:\/\/www.wiredcpa.com\/fr\/wp-json\/wp\/v2\/categories?post=1224"},{"taxonomy":"post_tag","embeddable":true,"href":"https:\/\/www.wiredcpa.com\/fr\/wp-json\/wp\/v2\/tags?post=1224"}],"curies":[{"name":"wp","href":"https:\/\/api.w.org\/{rel}","templated":true}]}}